{"id":5838,"date":"2026-02-27T17:24:10","date_gmt":"2026-02-27T16:24:10","guid":{"rendered":"https:\/\/centar-stancic.hr\/?p=5838"},"modified":"2026-03-10T17:24:53","modified_gmt":"2026-03-10T16:24:53","slug":"sudjelovanje-na-4-kokoss-konferenciji-u-sibeniku","status":"publish","type":"post","link":"https:\/\/centar-stancic.hr\/?p=5838","title":{"rendered":"Sudjelovanje na 4. KOKOSS konferenciji u \u0160ibeniku"},"content":{"rendered":"<p>Na 4. <strong>KOKOSS <\/strong>konferenciji koja se odr\u017eavala od 24. do 27. velja\u010de u \u0160ibeniku, sudjelovali su i predstavnici Centra Stan\u010di\u0107 s dvije&nbsp; poster prezentacije.<\/p>\n<p>Ovogodi\u0161nja konferencija odr\u017eana je pod temom <strong>\u201eInterdisciplinarnost kao resurs \/ Digitalno doba i oblici skrbi u razli\u010ditim kontekstima\u201c<\/strong>, nagla\u0161avaju\u0107i va\u017enost suradnje razli\u010ditih struka te promi\u0161ljanje o ulozi tehnologije u suvremenim oblicima podr\u0161ke i skrbi. Program konferencije okupio je brojne stru\u010dnjake iz podru\u010dja psihologije, psihoterapije, edukacijske rehabilitacije, socijalnog rada, pedagogije i drugih srodnih profesija, pru\u017eaju\u0107i prostor za razmjenu iskustava, primjera dobre prakse i aktualnih istra\u017eivanja.<\/p>\n<p>Na\u0161a ustanova predstavila se kroz dvije poster prezentacije. <strong>Podru\u017enica Dugo Selo 1<\/strong> predstavila je temu \u201eDigitalni svijet kao saveznik ili izazov roditelja\u201d. Prezentaciju su pripremile Tina Krasi\u0107, Suzana Pavlini\u0107 i Martina Tihelka.<\/p>\n<p>U radu su autorice propitivale ulogu digitalnog okru\u017eenja u suvremenom roditeljstvu, isti\u010du\u0107i prednosti, ali i izazove s kojima se roditelji susre\u0107u u odgoju djece u digitalnom dobu. Poseban naglasak stavljen je na potrebu osna\u017eivanja roditeljskih kompetencija, razvoj kriti\u010dkog promi\u0161ljanja o kori\u0161tenju tehnologije te va\u017enost stru\u010dne podr\u0161ke obiteljima.<\/p>\n<p><strong>Podru\u017enica Dugo Selo 2 predstavila je temu \u201eTehnologija i digitalni asistenti u \u017eivotu osoba s invaliditetom u organiziranom stanovanju\u201d koju su pripremili Branka Babi\u0107 Seke, Vlatka Margeti\u0107 i Josip Juraki\u0107. <\/strong><\/p>\n<p>Ova prezentacija prikazala je mogu\u0107nosti primjene suvremenih tehnologija i digitalnih asistivnih alata u unapre\u0111enju kvalitete \u017eivota osoba s invaliditetom. Nagla\u0161ena je uloga tehnologije u poticanju samostalnosti, sigurnosti i socijalne uklju\u010denosti korisnika u organiziranom stanovanju, kao i va\u017enost interdisciplinarnog pristupa u planiranju i provedbi podr\u0161ke.<\/p>\n<p>Sudjelovanje na konferenciji omogu\u0107ilo je na\u0161im djelatnicima razmjenu iskustava s kolegama iz razli\u010ditih institucija i sustava skrbi te dodatno osna\u017eilo profesionalnu mre\u017eu suradnje.<\/p>\n<p>Aktivno uklju\u010divanje u ovakve stru\u010dne skupove potvr\u0111uje na\u0161u predanost kontinuiranom profesionalnom razvoju, pra\u0107enju suvremenih trendova i unapre\u0111enju kvalitete usluga koje pru\u017eamo korisnicima.<\/p>\nngg_shortcode_0_placeholder\n","protected":false},"excerpt":{"rendered":"<p>Na 4. KOKOSS konferenciji koja se odr\u017eavala od 24. do 27. velja\u010de u \u0160ibeniku, sudjelovali su i predstavnici Centra Stan\u010di\u0107 s dvije&nbsp; poster prezentacije. Ovogodi\u0161nja konferencija odr\u017eana je pod temom \u201eInterdisciplinarnost kao resurs \/ Digitalno doba i oblici skrbi u razli\u010ditim kontekstima\u201c, nagla\u0161avaju\u0107i va\u017enost suradnje razli\u010ditih struka te promi\u0161ljanje o ulozi tehnologije u suvremenim oblicima [&hellip;]<\/p>\n","protected":false},"author":1,"featured_media":5842,"comment_status":"closed","ping_status":"closed","sticky":false,"template":"","format":"standard","meta":{"ngg_post_thumbnail":0,"footnotes":""},"categories":[2],"tags":[],"class_list":["post-5838","post","type-post","status-publish","format-standard","has-post-thumbnail","hentry","category-novosti"],"yoast_head":"<!-- This site is optimized with the Yoast SEO plugin v26.4 - https:\/\/yoast.com\/wordpress\/plugins\/seo\/ -->\n<title>Sudjelovanje na 4. KOKOSS konferenciji u \u0160ibeniku - Stan\u010di\u0107<\/title>\n<meta name=\"robots\" content=\"index, follow, max-snippet:-1, max-image-preview:large, max-video-preview:-1\" \/>\n<link rel=\"canonical\" href=\"https:\/\/centar-stancic.hr\/?p=5838\" \/>\n<meta property=\"og:locale\" content=\"hr_HR\" \/>\n<meta property=\"og:type\" content=\"article\" \/>\n<meta property=\"og:title\" content=\"Sudjelovanje na 4. KOKOSS konferenciji u \u0160ibeniku - Stan\u010di\u0107\" \/>\n<meta property=\"og:description\" content=\"Na 4. KOKOSS konferenciji koja se odr\u017eavala od 24. do 27. velja\u010de u \u0160ibeniku, sudjelovali su i predstavnici Centra Stan\u010di\u0107 s dvije&nbsp; poster prezentacije. Ovogodi\u0161nja konferencija odr\u017eana je pod temom \u201eInterdisciplinarnost kao resurs \/ Digitalno doba i oblici skrbi u razli\u010ditim kontekstima\u201c, nagla\u0161avaju\u0107i va\u017enost suradnje razli\u010ditih struka te promi\u0161ljanje o ulozi tehnologije u suvremenim oblicima [&hellip;]\" \/>\n<meta property=\"og:url\" content=\"https:\/\/centar-stancic.hr\/?p=5838\" \/>\n<meta property=\"og:site_name\" content=\"Stan\u010di\u0107\" \/>\n<meta property=\"article:published_time\" content=\"2026-02-27T16:24:10+00:00\" \/>\n<meta property=\"article:modified_time\" content=\"2026-03-10T16:24:53+00:00\" \/>\n<meta property=\"og:image\" content=\"https:\/\/centar-stancic.hr\/wp-content\/uploads\/2026\/03\/Slika1.png\" \/>\n\t<meta property=\"og:image:width\" content=\"768\" \/>\n\t<meta property=\"og:image:height\" content=\"1019\" \/>\n\t<meta property=\"og:image:type\" content=\"image\/png\" \/>\n<meta name=\"author\" content=\"Administrator\" \/>\n<meta name=\"twitter:card\" content=\"summary_large_image\" \/>\n<meta name=\"twitter:label1\" content=\"Napisao\/la\" \/>\n\t<meta name=\"twitter:data1\" content=\"Administrator\" \/>\n\t<meta name=\"twitter:label2\" content=\"Procijenjeno vrijeme \u010ditanja\" \/>\n\t<meta name=\"twitter:data2\" content=\"2 minute\" \/>\n<script type=\"application\/ld+json\" class=\"yoast-schema-graph\">{\"@context\":\"https:\/\/schema.org\",\"@graph\":[{\"@type\":\"WebPage\",\"@id\":\"https:\/\/centar-stancic.hr\/?p=5838\",\"url\":\"https:\/\/centar-stancic.hr\/?p=5838\",\"name\":\"Sudjelovanje na 4. KOKOSS konferenciji u \u0160ibeniku - Stan\u010di\u0107\",\"isPartOf\":{\"@id\":\"https:\/\/centar-stancic.hr\/#website\"},\"primaryImageOfPage\":{\"@id\":\"https:\/\/centar-stancic.hr\/?p=5838#primaryimage\"},\"image\":{\"@id\":\"https:\/\/centar-stancic.hr\/?p=5838#primaryimage\"},\"thumbnailUrl\":\"https:\/\/centar-stancic.hr\/wp-content\/uploads\/2026\/03\/Slika1.png\",\"datePublished\":\"2026-02-27T16:24:10+00:00\",\"dateModified\":\"2026-03-10T16:24:53+00:00\",\"author\":{\"@id\":\"https:\/\/centar-stancic.hr\/#\/schema\/person\/beaa5dbff81c053dd2c4fb92d4ea0be7\"},\"breadcrumb\":{\"@id\":\"https:\/\/centar-stancic.hr\/?p=5838#breadcrumb\"},\"inLanguage\":\"hr\",\"potentialAction\":[{\"@type\":\"ReadAction\",\"target\":[\"https:\/\/centar-stancic.hr\/?p=5838\"]}]},{\"@type\":\"ImageObject\",\"inLanguage\":\"hr\",\"@id\":\"https:\/\/centar-stancic.hr\/?p=5838#primaryimage\",\"url\":\"https:\/\/centar-stancic.hr\/wp-content\/uploads\/2026\/03\/Slika1.png\",\"contentUrl\":\"https:\/\/centar-stancic.hr\/wp-content\/uploads\/2026\/03\/Slika1.png\",\"width\":768,\"height\":1019,\"caption\":\"Sudjelovanje na 4. KOKOSS konferenciji u \u0160ibeniku\"},{\"@type\":\"BreadcrumbList\",\"@id\":\"https:\/\/centar-stancic.hr\/?p=5838#breadcrumb\",\"itemListElement\":[{\"@type\":\"ListItem\",\"position\":1,\"name\":\"Po\u010detna stranica\",\"item\":\"https:\/\/centar-stancic.hr\/?page_id=84\"},{\"@type\":\"ListItem\",\"position\":2,\"name\":\"Sudjelovanje na 4. KOKOSS konferenciji u \u0160ibeniku\"}]},{\"@type\":\"WebSite\",\"@id\":\"https:\/\/centar-stancic.hr\/#website\",\"url\":\"https:\/\/centar-stancic.hr\/\",\"name\":\"Stan\u010di\u0107\",\"description\":\"Centar za rehabilitaciju\",\"potentialAction\":[{\"@type\":\"SearchAction\",\"target\":{\"@type\":\"EntryPoint\",\"urlTemplate\":\"https:\/\/centar-stancic.hr\/?s={search_term_string}\"},\"query-input\":{\"@type\":\"PropertyValueSpecification\",\"valueRequired\":true,\"valueName\":\"search_term_string\"}}],\"inLanguage\":\"hr\"},{\"@type\":\"Person\",\"@id\":\"https:\/\/centar-stancic.hr\/#\/schema\/person\/beaa5dbff81c053dd2c4fb92d4ea0be7\",\"name\":\"Administrator\",\"image\":{\"@type\":\"ImageObject\",\"inLanguage\":\"hr\",\"@id\":\"https:\/\/centar-stancic.hr\/#\/schema\/person\/image\/\",\"url\":\"https:\/\/secure.gravatar.com\/avatar\/d1c2e4a08f843c0b6dcf3613faa82410ce30b8e0c8b27da9f38eac39514b86d3?s=96&d=mm&r=g\",\"contentUrl\":\"https:\/\/secure.gravatar.com\/avatar\/d1c2e4a08f843c0b6dcf3613faa82410ce30b8e0c8b27da9f38eac39514b86d3?s=96&d=mm&r=g\",\"caption\":\"Administrator\"},\"url\":\"https:\/\/centar-stancic.hr\/?author=1\"}]}<\/script>\n<!-- \/ Yoast SEO plugin. -->","yoast_head_json":{"title":"Sudjelovanje na 4. KOKOSS konferenciji u \u0160ibeniku - Stan\u010di\u0107","robots":{"index":"index","follow":"follow","max-snippet":"max-snippet:-1","max-image-preview":"max-image-preview:large","max-video-preview":"max-video-preview:-1"},"canonical":"https:\/\/centar-stancic.hr\/?p=5838","og_locale":"hr_HR","og_type":"article","og_title":"Sudjelovanje na 4. KOKOSS konferenciji u \u0160ibeniku - Stan\u010di\u0107","og_description":"Na 4. KOKOSS konferenciji koja se odr\u017eavala od 24. do 27. velja\u010de u \u0160ibeniku, sudjelovali su i predstavnici Centra Stan\u010di\u0107 s dvije&nbsp; poster prezentacije. Ovogodi\u0161nja konferencija odr\u017eana je pod temom \u201eInterdisciplinarnost kao resurs \/ Digitalno doba i oblici skrbi u razli\u010ditim kontekstima\u201c, nagla\u0161avaju\u0107i va\u017enost suradnje razli\u010ditih struka te promi\u0161ljanje o ulozi tehnologije u suvremenim oblicima [&hellip;]","og_url":"https:\/\/centar-stancic.hr\/?p=5838","og_site_name":"Stan\u010di\u0107","article_published_time":"2026-02-27T16:24:10+00:00","article_modified_time":"2026-03-10T16:24:53+00:00","og_image":[{"width":768,"height":1019,"url":"https:\/\/centar-stancic.hr\/wp-content\/uploads\/2026\/03\/Slika1.png","type":"image\/png"}],"author":"Administrator","twitter_card":"summary_large_image","twitter_misc":{"Napisao\/la":"Administrator","Procijenjeno vrijeme \u010ditanja":"2 minute"},"schema":{"@context":"https:\/\/schema.org","@graph":[{"@type":"WebPage","@id":"https:\/\/centar-stancic.hr\/?p=5838","url":"https:\/\/centar-stancic.hr\/?p=5838","name":"Sudjelovanje na 4. KOKOSS konferenciji u \u0160ibeniku - Stan\u010di\u0107","isPartOf":{"@id":"https:\/\/centar-stancic.hr\/#website"},"primaryImageOfPage":{"@id":"https:\/\/centar-stancic.hr\/?p=5838#primaryimage"},"image":{"@id":"https:\/\/centar-stancic.hr\/?p=5838#primaryimage"},"thumbnailUrl":"https:\/\/centar-stancic.hr\/wp-content\/uploads\/2026\/03\/Slika1.png","datePublished":"2026-02-27T16:24:10+00:00","dateModified":"2026-03-10T16:24:53+00:00","author":{"@id":"https:\/\/centar-stancic.hr\/#\/schema\/person\/beaa5dbff81c053dd2c4fb92d4ea0be7"},"breadcrumb":{"@id":"https:\/\/centar-stancic.hr\/?p=5838#breadcrumb"},"inLanguage":"hr","potentialAction":[{"@type":"ReadAction","target":["https:\/\/centar-stancic.hr\/?p=5838"]}]},{"@type":"ImageObject","inLanguage":"hr","@id":"https:\/\/centar-stancic.hr\/?p=5838#primaryimage","url":"https:\/\/centar-stancic.hr\/wp-content\/uploads\/2026\/03\/Slika1.png","contentUrl":"https:\/\/centar-stancic.hr\/wp-content\/uploads\/2026\/03\/Slika1.png","width":768,"height":1019,"caption":"Sudjelovanje na 4. KOKOSS konferenciji u \u0160ibeniku"},{"@type":"BreadcrumbList","@id":"https:\/\/centar-stancic.hr\/?p=5838#breadcrumb","itemListElement":[{"@type":"ListItem","position":1,"name":"Po\u010detna stranica","item":"https:\/\/centar-stancic.hr\/?page_id=84"},{"@type":"ListItem","position":2,"name":"Sudjelovanje na 4. KOKOSS konferenciji u \u0160ibeniku"}]},{"@type":"WebSite","@id":"https:\/\/centar-stancic.hr\/#website","url":"https:\/\/centar-stancic.hr\/","name":"Stan\u010di\u0107","description":"Centar za rehabilitaciju","potentialAction":[{"@type":"SearchAction","target":{"@type":"EntryPoint","urlTemplate":"https:\/\/centar-stancic.hr\/?s={search_term_string}"},"query-input":{"@type":"PropertyValueSpecification","valueRequired":true,"valueName":"search_term_string"}}],"inLanguage":"hr"},{"@type":"Person","@id":"https:\/\/centar-stancic.hr\/#\/schema\/person\/beaa5dbff81c053dd2c4fb92d4ea0be7","name":"Administrator","image":{"@type":"ImageObject","inLanguage":"hr","@id":"https:\/\/centar-stancic.hr\/#\/schema\/person\/image\/","url":"https:\/\/secure.gravatar.com\/avatar\/d1c2e4a08f843c0b6dcf3613faa82410ce30b8e0c8b27da9f38eac39514b86d3?s=96&d=mm&r=g","contentUrl":"https:\/\/secure.gravatar.com\/avatar\/d1c2e4a08f843c0b6dcf3613faa82410ce30b8e0c8b27da9f38eac39514b86d3?s=96&d=mm&r=g","caption":"Administrator"},"url":"https:\/\/centar-stancic.hr\/?author=1"}]}},"_links":{"self":[{"href":"https:\/\/centar-stancic.hr\/index.php?rest_route=\/wp\/v2\/posts\/5838","targetHints":{"allow":["GET"]}}],"collection":[{"href":"https:\/\/centar-stancic.hr\/index.php?rest_route=\/wp\/v2\/posts"}],"about":[{"href":"https:\/\/centar-stancic.hr\/index.php?rest_route=\/wp\/v2\/types\/post"}],"author":[{"embeddable":true,"href":"https:\/\/centar-stancic.hr\/index.php?rest_route=\/wp\/v2\/users\/1"}],"replies":[{"embeddable":true,"href":"https:\/\/centar-stancic.hr\/index.php?rest_route=%2Fwp%2Fv2%2Fcomments&post=5838"}],"version-history":[{"count":2,"href":"https:\/\/centar-stancic.hr\/index.php?rest_route=\/wp\/v2\/posts\/5838\/revisions"}],"predecessor-version":[{"id":5844,"href":"https:\/\/centar-stancic.hr\/index.php?rest_route=\/wp\/v2\/posts\/5838\/revisions\/5844"}],"wp:featuredmedia":[{"embeddable":true,"href":"https:\/\/centar-stancic.hr\/index.php?rest_route=\/wp\/v2\/media\/5842"}],"wp:attachment":[{"href":"https:\/\/centar-stancic.hr\/index.php?rest_route=%2Fwp%2Fv2%2Fmedia&parent=5838"}],"wp:term":[{"taxonomy":"category","embeddable":true,"href":"https:\/\/centar-stancic.hr\/index.php?rest_route=%2Fwp%2Fv2%2Fcategories&post=5838"},{"taxonomy":"post_tag","embeddable":true,"href":"https:\/\/centar-stancic.hr\/index.php?rest_route=%2Fwp%2Fv2%2Ftags&post=5838"}],"curies":[{"name":"wp","href":"https:\/\/api.w.org\/{rel}","templated":true}]}}